{"id":2827,"date":"2019-04-25T09:23:41","date_gmt":"2019-04-25T08:23:41","guid":{"rendered":"https:\/\/www.avons.fr\/magasin\/?p=2827"},"modified":"2023-01-20T06:57:41","modified_gmt":"2023-01-20T05:57:41","slug":"la-nouvelle-bernina-b590-ecran-tactile","status":"publish","type":"post","link":"https:\/\/www.avons.fr\/magasin\/la-nouvelle-bernina-b590-ecran-tactile\/","title":{"rendered":"La nouvelle BERNINA B590 : Fonctions de l&rsquo;\u00e9cran tactile"},"content":{"rendered":"<h2 class=\"centrer\">Pr\u00e9sentation des fonctions de la BERNINA B590<\/h2>\n<p>&nbsp;<\/p>\n<p class=\"centrer\">Julie, de notre boutique de Lyon, vous pr\u00e9sente <strong>les diverses fonctions de l&rsquo;\u00e9cran tactile<\/strong> de la machine \u00e0 coudre et \u00e0 broder BERNINA 590 en mode couture et en mode broderie.<\/p>\n<p class=\"centrer\">D\u00e9couvrez <strong>l&rsquo;interface BERNINA<\/strong> dans cette vid\u00e9o explicative !<\/p>\n<p>&nbsp;<\/p>\n<p>&nbsp;<\/p>\n<div style=\"width: 700px;\" class=\"wp-video\"><!--[if lt IE 9]><script>document.createElement('video');<\/script><![endif]-->\n<video class=\"wp-video-shortcode\" id=\"video-2827-1\" width=\"700\" height=\"394\" preload=\"metadata\" controls=\"controls\"><source type=\"video\/mp4\" src=\"https:\/\/www.avons.fr\/magasin\/wp-content\/uploads\/EcranBernina.mp4?_=1\" \/><a href=\"https:\/\/www.avons.fr\/magasin\/wp-content\/uploads\/EcranBernina.mp4\">https:\/\/www.avons.fr\/magasin\/wp-content\/uploads\/EcranBernina.mp4<\/a><\/video><\/div>\n<p>&nbsp;<\/p>\n<p>&nbsp;<\/p>\n<p class=\"centrer\">Venez la d\u00e9couvrir au <a href=\"https:\/\/www.avons.fr\/magasin\/venir-aux-magasins\/lyon\/\">magasin BERNINA de Lyon 3\u00e8me<\/a> au 131 Avenue Mar\u00e9chal de Saxe ou <a href=\"https:\/\/www.avons.fr\/machines-a-coudre\/1023-machine-a-coudre-bernina-590-serie-5.html\">consultez sa fiche produit.<\/a><\/p>\n<p>&nbsp;<\/p>\n","protected":false},"excerpt":{"rendered":"<p>Pr\u00e9sentation des fonctions de la BERNINA B590 &nbsp; Julie, de notre boutique de Lyon, vous pr\u00e9sente les diverses fonctions de&#8230;<\/p>\n","protected":false},"author":7,"featured_media":1927,"comment_status":"closed","ping_status":"closed","sticky":false,"template":"","format":"standard","meta":{"_acf_changed":false,"_EventAllDay":false,"_EventTimezone":"","_EventStartDate":"","_EventEndDate":"","_EventStartDateUTC":"","_EventEndDateUTC":"","_EventShowMap":false,"_EventShowMapLink":false,"_EventURL":"","_EventCost":"","_EventCostDescription":"","_EventCurrencySymbol":"","_EventCurrencyCode":"","_EventCurrencyPosition":"","_EventDateTimeSeparator":"","_EventTimeRangeSeparator":"","_EventOrganizerID":[],"_EventVenueID":[],"_OrganizerEmail":"","_OrganizerPhone":"","_OrganizerWebsite":"","_VenueAddress":"","_VenueCity":"","_VenueCountry":"","_VenueProvince":"","_VenueState":"","_VenueZip":"","_VenuePhone":"","_VenueURL":"","_VenueStateProvince":"","_VenueLat":"","_VenueLng":"","_VenueShowMap":false,"_VenueShowMapLink":false,"footnotes":""},"categories":[16,17,112,13,11],"tags":[],"class_list":{"0":"post-2827","1":"post","2":"type-post","3":"status-publish","4":"format-standard","5":"has-post-thumbnail","7":"category-actualites","8":"category-actualites-2","9":"category-actualites-conseils","10":"category-actualites-portraits","11":"category-nouveautes"},"acf":[],"yoast_head":"<!-- This site is optimized with the Yoast SEO plugin v24.7 - https:\/\/yoast.com\/wordpress\/plugins\/seo\/ -->\n<title>La nouvelle BERNINA B590 : Fonctions de l&#039;\u00e9cran tactile<\/title>\n<meta name=\"description\" content=\"Pr\u00e9sentation des fonctions de la BERNINA B590. Julie, de notre boutique de Lyon, vous pr\u00e9sente les fonctions de l&#039;\u00e9cran tactile de la Bernina B590.\" \/>\n<meta name=\"robots\" content=\"index, follow, max-snippet:-1, max-image-preview:large, max-video-preview:-1\" \/>\n<link rel=\"canonical\" href=\"https:\/\/www.avons.fr\/magasin\/la-nouvelle-bernina-b590-ecran-tactile\/\" \/>\n<meta property=\"og:locale\" content=\"fr_FR\" \/>\n<meta property=\"og:type\" content=\"article\" \/>\n<meta property=\"og:title\" content=\"La nouvelle BERNINA B590 : Fonctions de l&#039;\u00e9cran tactile\" \/>\n<meta property=\"og:description\" content=\"Pr\u00e9sentation des fonctions de la BERNINA B590. Julie, de notre boutique de Lyon, vous pr\u00e9sente les fonctions de l&#039;\u00e9cran tactile de la Bernina B590.\" \/>\n<meta property=\"og:url\" content=\"https:\/\/www.avons.fr\/magasin\/la-nouvelle-bernina-b590-ecran-tactile\/\" \/>\n<meta property=\"og:site_name\" content=\"Avons\" \/>\n<meta property=\"article:published_time\" content=\"2019-04-25T08:23:41+00:00\" \/>\n<meta property=\"article:modified_time\" content=\"2023-01-20T05:57:41+00:00\" \/>\n<meta property=\"og:image\" content=\"https:\/\/www.avons.fr\/magasin\/wp-content\/uploads\/bernina-3.jpg\" \/>\n\t<meta property=\"og:image:width\" content=\"512\" \/>\n\t<meta property=\"og:image:height\" content=\"300\" \/>\n\t<meta property=\"og:image:type\" content=\"image\/jpeg\" \/>\n<meta name=\"author\" content=\"Mallaury BAJAS\" \/>\n<meta name=\"twitter:card\" content=\"summary_large_image\" \/>\n<meta name=\"twitter:label1\" content=\"\u00c9crit par\" \/>\n\t<meta name=\"twitter:data1\" content=\"Mallaury BAJAS\" \/>\n<script type=\"application\/ld+json\" class=\"yoast-schema-graph\">{\"@context\":\"https:\/\/schema.org\",\"@graph\":[{\"@type\":\"WebPage\",\"@id\":\"https:\/\/www.avons.fr\/magasin\/la-nouvelle-bernina-b590-ecran-tactile\/\",\"url\":\"https:\/\/www.avons.fr\/magasin\/la-nouvelle-bernina-b590-ecran-tactile\/\",\"name\":\"La nouvelle BERNINA B590 : Fonctions de l'\u00e9cran tactile\",\"isPartOf\":{\"@id\":\"https:\/\/www.avons.fr\/magasin\/#website\"},\"primaryImageOfPage\":{\"@id\":\"https:\/\/www.avons.fr\/magasin\/la-nouvelle-bernina-b590-ecran-tactile\/#primaryimage\"},\"image\":{\"@id\":\"https:\/\/www.avons.fr\/magasin\/la-nouvelle-bernina-b590-ecran-tactile\/#primaryimage\"},\"thumbnailUrl\":\"https:\/\/www.avons.fr\/magasin\/wp-content\/uploads\/bernina-3.jpg\",\"datePublished\":\"2019-04-25T08:23:41+00:00\",\"dateModified\":\"2023-01-20T05:57:41+00:00\",\"author\":{\"@id\":\"https:\/\/www.avons.fr\/magasin\/#\/schema\/person\/d82c99d864d278178560c1021711d39d\"},\"description\":\"Pr\u00e9sentation des fonctions de la BERNINA B590. Julie, de notre boutique de Lyon, vous pr\u00e9sente les fonctions de l'\u00e9cran tactile de la Bernina B590.\",\"breadcrumb\":{\"@id\":\"https:\/\/www.avons.fr\/magasin\/la-nouvelle-bernina-b590-ecran-tactile\/#breadcrumb\"},\"inLanguage\":\"fr-FR\",\"potentialAction\":[{\"@type\":\"ReadAction\",\"target\":[\"https:\/\/www.avons.fr\/magasin\/la-nouvelle-bernina-b590-ecran-tactile\/\"]}]},{\"@type\":\"ImageObject\",\"inLanguage\":\"fr-FR\",\"@id\":\"https:\/\/www.avons.fr\/magasin\/la-nouvelle-bernina-b590-ecran-tactile\/#primaryimage\",\"url\":\"https:\/\/www.avons.fr\/magasin\/wp-content\/uploads\/bernina-3.jpg\",\"contentUrl\":\"https:\/\/www.avons.fr\/magasin\/wp-content\/uploads\/bernina-3.jpg\",\"width\":512,\"height\":300,\"caption\":\"Bernina\"},{\"@type\":\"BreadcrumbList\",\"@id\":\"https:\/\/www.avons.fr\/magasin\/la-nouvelle-bernina-b590-ecran-tactile\/#breadcrumb\",\"itemListElement\":[{\"@type\":\"ListItem\",\"position\":1,\"name\":\"Accueil\",\"item\":\"https:\/\/www.avons.fr\/magasin\/\"},{\"@type\":\"ListItem\",\"position\":2,\"name\":\"Actualit\u00e9s &amp; portraits\",\"item\":\"https:\/\/www.avons.fr\/magasin\/actualites-portraits\/\"},{\"@type\":\"ListItem\",\"position\":3,\"name\":\"Actualit\u00e9s\",\"item\":\"https:\/\/www.avons.fr\/magasin\/actualites-portraits\/actualites\/\"},{\"@type\":\"ListItem\",\"position\":4,\"name\":\"La nouvelle BERNINA B590 : Fonctions de l&rsquo;\u00e9cran tactile\"}]},{\"@type\":\"WebSite\",\"@id\":\"https:\/\/www.avons.fr\/magasin\/#website\",\"url\":\"https:\/\/www.avons.fr\/magasin\/\",\"name\":\"Avons\",\"description\":\"\",\"potentialAction\":[{\"@type\":\"SearchAction\",\"target\":{\"@type\":\"EntryPoint\",\"urlTemplate\":\"https:\/\/www.avons.fr\/magasin\/?s={search_term_string}\"},\"query-input\":{\"@type\":\"PropertyValueSpecification\",\"valueRequired\":true,\"valueName\":\"search_term_string\"}}],\"inLanguage\":\"fr-FR\"},{\"@type\":\"Person\",\"@id\":\"https:\/\/www.avons.fr\/magasin\/#\/schema\/person\/d82c99d864d278178560c1021711d39d\",\"name\":\"Mallaury BAJAS\",\"url\":\"https:\/\/www.avons.fr\/magasin\/author\/mallaury\/\"}]}<\/script>\n<!-- \/ Yoast SEO plugin. -->","yoast_head_json":{"title":"La nouvelle BERNINA B590 : Fonctions de l'\u00e9cran tactile","description":"Pr\u00e9sentation des fonctions de la BERNINA B590. Julie, de notre boutique de Lyon, vous pr\u00e9sente les fonctions de l'\u00e9cran tactile de la Bernina B590.","robots":{"index":"index","follow":"follow","max-snippet":"max-snippet:-1","max-image-preview":"max-image-preview:large","max-video-preview":"max-video-preview:-1"},"canonical":"https:\/\/www.avons.fr\/magasin\/la-nouvelle-bernina-b590-ecran-tactile\/","og_locale":"fr_FR","og_type":"article","og_title":"La nouvelle BERNINA B590 : Fonctions de l'\u00e9cran tactile","og_description":"Pr\u00e9sentation des fonctions de la BERNINA B590. Julie, de notre boutique de Lyon, vous pr\u00e9sente les fonctions de l'\u00e9cran tactile de la Bernina B590.","og_url":"https:\/\/www.avons.fr\/magasin\/la-nouvelle-bernina-b590-ecran-tactile\/","og_site_name":"Avons","article_published_time":"2019-04-25T08:23:41+00:00","article_modified_time":"2023-01-20T05:57:41+00:00","og_image":[{"width":512,"height":300,"url":"https:\/\/www.avons.fr\/magasin\/wp-content\/uploads\/bernina-3.jpg","type":"image\/jpeg"}],"author":"Mallaury BAJAS","twitter_card":"summary_large_image","twitter_misc":{"\u00c9crit par":"Mallaury BAJAS"},"schema":{"@context":"https:\/\/schema.org","@graph":[{"@type":"WebPage","@id":"https:\/\/www.avons.fr\/magasin\/la-nouvelle-bernina-b590-ecran-tactile\/","url":"https:\/\/www.avons.fr\/magasin\/la-nouvelle-bernina-b590-ecran-tactile\/","name":"La nouvelle BERNINA B590 : Fonctions de l'\u00e9cran tactile","isPartOf":{"@id":"https:\/\/www.avons.fr\/magasin\/#website"},"primaryImageOfPage":{"@id":"https:\/\/www.avons.fr\/magasin\/la-nouvelle-bernina-b590-ecran-tactile\/#primaryimage"},"image":{"@id":"https:\/\/www.avons.fr\/magasin\/la-nouvelle-bernina-b590-ecran-tactile\/#primaryimage"},"thumbnailUrl":"https:\/\/www.avons.fr\/magasin\/wp-content\/uploads\/bernina-3.jpg","datePublished":"2019-04-25T08:23:41+00:00","dateModified":"2023-01-20T05:57:41+00:00","author":{"@id":"https:\/\/www.avons.fr\/magasin\/#\/schema\/person\/d82c99d864d278178560c1021711d39d"},"description":"Pr\u00e9sentation des fonctions de la BERNINA B590. Julie, de notre boutique de Lyon, vous pr\u00e9sente les fonctions de l'\u00e9cran tactile de la Bernina B590.","breadcrumb":{"@id":"https:\/\/www.avons.fr\/magasin\/la-nouvelle-bernina-b590-ecran-tactile\/#breadcrumb"},"inLanguage":"fr-FR","potentialAction":[{"@type":"ReadAction","target":["https:\/\/www.avons.fr\/magasin\/la-nouvelle-bernina-b590-ecran-tactile\/"]}]},{"@type":"ImageObject","inLanguage":"fr-FR","@id":"https:\/\/www.avons.fr\/magasin\/la-nouvelle-bernina-b590-ecran-tactile\/#primaryimage","url":"https:\/\/www.avons.fr\/magasin\/wp-content\/uploads\/bernina-3.jpg","contentUrl":"https:\/\/www.avons.fr\/magasin\/wp-content\/uploads\/bernina-3.jpg","width":512,"height":300,"caption":"Bernina"},{"@type":"BreadcrumbList","@id":"https:\/\/www.avons.fr\/magasin\/la-nouvelle-bernina-b590-ecran-tactile\/#breadcrumb","itemListElement":[{"@type":"ListItem","position":1,"name":"Accueil","item":"https:\/\/www.avons.fr\/magasin\/"},{"@type":"ListItem","position":2,"name":"Actualit\u00e9s &amp; portraits","item":"https:\/\/www.avons.fr\/magasin\/actualites-portraits\/"},{"@type":"ListItem","position":3,"name":"Actualit\u00e9s","item":"https:\/\/www.avons.fr\/magasin\/actualites-portraits\/actualites\/"},{"@type":"ListItem","position":4,"name":"La nouvelle BERNINA B590 : Fonctions de l&rsquo;\u00e9cran tactile"}]},{"@type":"WebSite","@id":"https:\/\/www.avons.fr\/magasin\/#website","url":"https:\/\/www.avons.fr\/magasin\/","name":"Avons","description":"","potentialAction":[{"@type":"SearchAction","target":{"@type":"EntryPoint","urlTemplate":"https:\/\/www.avons.fr\/magasin\/?s={search_term_string}"},"query-input":{"@type":"PropertyValueSpecification","valueRequired":true,"valueName":"search_term_string"}}],"inLanguage":"fr-FR"},{"@type":"Person","@id":"https:\/\/www.avons.fr\/magasin\/#\/schema\/person\/d82c99d864d278178560c1021711d39d","name":"Mallaury BAJAS","url":"https:\/\/www.avons.fr\/magasin\/author\/mallaury\/"}]}},"_links":{"self":[{"href":"https:\/\/www.avons.fr\/magasin\/wp-json\/wp\/v2\/posts\/2827","targetHints":{"allow":["GET"]}}],"collection":[{"href":"https:\/\/www.avons.fr\/magasin\/wp-json\/wp\/v2\/posts"}],"about":[{"href":"https:\/\/www.avons.fr\/magasin\/wp-json\/wp\/v2\/types\/post"}],"author":[{"embeddable":true,"href":"https:\/\/www.avons.fr\/magasin\/wp-json\/wp\/v2\/users\/7"}],"replies":[{"embeddable":true,"href":"https:\/\/www.avons.fr\/magasin\/wp-json\/wp\/v2\/comments?post=2827"}],"version-history":[{"count":0,"href":"https:\/\/www.avons.fr\/magasin\/wp-json\/wp\/v2\/posts\/2827\/revisions"}],"wp:featuredmedia":[{"embeddable":true,"href":"https:\/\/www.avons.fr\/magasin\/wp-json\/wp\/v2\/media\/1927"}],"wp:attachment":[{"href":"https:\/\/www.avons.fr\/magasin\/wp-json\/wp\/v2\/media?parent=2827"}],"wp:term":[{"taxonomy":"category","embeddable":true,"href":"https:\/\/www.avons.fr\/magasin\/wp-json\/wp\/v2\/categories?post=2827"},{"taxonomy":"post_tag","embeddable":true,"href":"https:\/\/www.avons.fr\/magasin\/wp-json\/wp\/v2\/tags?post=2827"}],"curies":[{"name":"wp","href":"https:\/\/api.w.org\/{rel}","templated":true}]}}