{"id":13912,"date":"2022-09-02T16:53:45","date_gmt":"2022-09-02T15:53:45","guid":{"rendered":"https:\/\/www.avons.fr\/magasin\/?p=13912"},"modified":"2023-01-20T06:56:21","modified_gmt":"2023-01-20T05:56:21","slug":"ou-acheter-du-tissu-a-lyon","status":"publish","type":"post","link":"https:\/\/www.avons.fr\/magasin\/ou-acheter-du-tissu-a-lyon\/","title":{"rendered":"O\u00f9 acheter du tissu \u00e0 Lyon ?"},"content":{"rendered":"<h2>Quels magasins de tissus existent \u00e0 Lyon ?<\/h2>\n<p>&nbsp;<\/p>\n<p>Retrouvez dans cette liste non-exhaustive nos meilleures adresses pour vos futurs projets couture !<\/p>\n<p>Si vous souhaitez contribuer \u00e0 cette liste, vous pouvez nous envoyer vos suggestions par mail \ud83d\ude42<\/p>\n<p>&nbsp;<\/p>\n<h2><img fetchpriority=\"high\" decoding=\"async\" class=\"size-medium wp-image-13923 alignleft\" style=\"color: #4e3b41; font-size: 24px; font-weight: bold;\" src=\"https:\/\/www.avons.fr\/magasin\/wp-content\/uploads\/Capture-de\u0301cran-2022-09-01-a\u0300-15.00.23-300x170.png\" alt=\"\" width=\"300\" height=\"170\" srcset=\"https:\/\/www.avons.fr\/magasin\/wp-content\/uploads\/Capture-de\u0301cran-2022-09-01-a\u0300-15.00.23-300x170.png 300w, https:\/\/www.avons.fr\/magasin\/wp-content\/uploads\/Capture-de\u0301cran-2022-09-01-a\u0300-15.00.23-1024x581.png 1024w, https:\/\/www.avons.fr\/magasin\/wp-content\/uploads\/Capture-de\u0301cran-2022-09-01-a\u0300-15.00.23-1536x871.png 1536w, https:\/\/www.avons.fr\/magasin\/wp-content\/uploads\/Capture-de\u0301cran-2022-09-01-a\u0300-15.00.23-53x30.png 53w, https:\/\/www.avons.fr\/magasin\/wp-content\/uploads\/Capture-de\u0301cran-2022-09-01-a\u0300-15.00.23.png 1920w\" sizes=\"(max-width: 300px) 100vw, 300px\" \/>Belkel Wax<\/h2>\n<p>6 avenue Antoine Dutri\u00e9voz<\/p>\n<p>69100 Villeurbanne<\/p>\n<p><a href=\"http:\/\/www.belkel-wax.fr\">www.belkel-wax.fr<\/a><\/p>\n<p>Vente en ligne &amp; Boutique physique<\/p>\n<p>&nbsp;<\/p>\n<p>&nbsp;<\/p>\n<h2><img decoding=\"async\" class=\"size-medium wp-image-13924 alignright\" src=\"https:\/\/www.avons.fr\/magasin\/wp-content\/uploads\/Capture-de\u0301cran-2022-09-01-a\u0300-15.01.04-300x170.png\" alt=\"\" width=\"300\" height=\"170\" srcset=\"https:\/\/www.avons.fr\/magasin\/wp-content\/uploads\/Capture-de\u0301cran-2022-09-01-a\u0300-15.01.04-300x170.png 300w, https:\/\/www.avons.fr\/magasin\/wp-content\/uploads\/Capture-de\u0301cran-2022-09-01-a\u0300-15.01.04-1024x581.png 1024w, https:\/\/www.avons.fr\/magasin\/wp-content\/uploads\/Capture-de\u0301cran-2022-09-01-a\u0300-15.01.04-1536x872.png 1536w, https:\/\/www.avons.fr\/magasin\/wp-content\/uploads\/Capture-de\u0301cran-2022-09-01-a\u0300-15.01.04-53x30.png 53w, https:\/\/www.avons.fr\/magasin\/wp-content\/uploads\/Capture-de\u0301cran-2022-09-01-a\u0300-15.01.04.png 1920w\" sizes=\"(max-width: 300px) 100vw, 300px\" \/>Coupe Coupon<\/h2>\n<p>29 rue de la Charit\u00e9<\/p>\n<p>69002 Lyon<\/p>\n<p><a href=\"http:\/\/www.coupe-coupon.fr\">www.coupe-coupon.fr<\/a><\/p>\n<p>Vente en ligne &amp; Boutique physique<\/p>\n<h2><\/h2>\n<p>&nbsp;<\/p>\n<h2><img decoding=\"async\" class=\"size-medium wp-image-13925 alignleft\" src=\"https:\/\/www.avons.fr\/magasin\/wp-content\/uploads\/Capture-de\u0301cran-2022-09-01-a\u0300-15.01.22-300x170.png\" alt=\"\" width=\"300\" height=\"170\" srcset=\"https:\/\/www.avons.fr\/magasin\/wp-content\/uploads\/Capture-de\u0301cran-2022-09-01-a\u0300-15.01.22-300x170.png 300w, https:\/\/www.avons.fr\/magasin\/wp-content\/uploads\/Capture-de\u0301cran-2022-09-01-a\u0300-15.01.22-1024x580.png 1024w, https:\/\/www.avons.fr\/magasin\/wp-content\/uploads\/Capture-de\u0301cran-2022-09-01-a\u0300-15.01.22-1536x870.png 1536w, https:\/\/www.avons.fr\/magasin\/wp-content\/uploads\/Capture-de\u0301cran-2022-09-01-a\u0300-15.01.22-53x30.png 53w, https:\/\/www.avons.fr\/magasin\/wp-content\/uploads\/Capture-de\u0301cran-2022-09-01-a\u0300-15.01.22.png 1920w\" sizes=\"(max-width: 300px) 100vw, 300px\" \/>Ikatee<\/h2>\n<p>34 Quai Saint Vincent<\/p>\n<p>69001 Lyon<\/p>\n<p><a href=\"http:\/\/www.ikatee.fr\">www.ikatee.fr<\/a><\/p>\n<p>Vente en ligne &amp; Boutique physique sur rendez-vous<\/p>\n<h2><\/h2>\n<p>&nbsp;<\/p>\n<h2><img loading=\"lazy\" decoding=\"async\" class=\"size-medium wp-image-13926 alignright\" src=\"https:\/\/www.avons.fr\/magasin\/wp-content\/uploads\/Capture-de\u0301cran-2022-09-01-a\u0300-15.02.47-300x170.png\" alt=\"\" width=\"300\" height=\"170\" srcset=\"https:\/\/www.avons.fr\/magasin\/wp-content\/uploads\/Capture-de\u0301cran-2022-09-01-a\u0300-15.02.47-300x170.png 300w, https:\/\/www.avons.fr\/magasin\/wp-content\/uploads\/Capture-de\u0301cran-2022-09-01-a\u0300-15.02.47-1024x582.png 1024w, https:\/\/www.avons.fr\/magasin\/wp-content\/uploads\/Capture-de\u0301cran-2022-09-01-a\u0300-15.02.47-1536x873.png 1536w, https:\/\/www.avons.fr\/magasin\/wp-content\/uploads\/Capture-de\u0301cran-2022-09-01-a\u0300-15.02.47-53x30.png 53w, https:\/\/www.avons.fr\/magasin\/wp-content\/uploads\/Capture-de\u0301cran-2022-09-01-a\u0300-15.02.47.png 1920w\" sizes=\"(max-width: 300px) 100vw, 300px\" \/>L&rsquo;atelier de la cr\u00e9ation<\/h2>\n<p>13 rue de l&rsquo;Arbre Sec<\/p>\n<p>69001 Lyon<\/p>\n<p><a href=\"http:\/\/www.atelierdelacreation.com\">www.atelierdelacreation.com<\/a><\/p>\n<p>Vente en ligne &amp; Boutique physique<\/p>\n<h2><\/h2>\n<p>&nbsp;<\/p>\n<h2><img loading=\"lazy\" decoding=\"async\" class=\"size-medium wp-image-13927 alignleft\" src=\"https:\/\/www.avons.fr\/magasin\/wp-content\/uploads\/Capture-de\u0301cran-2022-09-01-a\u0300-15.03.28-300x170.png\" alt=\"\" width=\"300\" height=\"170\" srcset=\"https:\/\/www.avons.fr\/magasin\/wp-content\/uploads\/Capture-de\u0301cran-2022-09-01-a\u0300-15.03.28-300x170.png 300w, https:\/\/www.avons.fr\/magasin\/wp-content\/uploads\/Capture-de\u0301cran-2022-09-01-a\u0300-15.03.28-1024x580.png 1024w, https:\/\/www.avons.fr\/magasin\/wp-content\/uploads\/Capture-de\u0301cran-2022-09-01-a\u0300-15.03.28-1536x870.png 1536w, https:\/\/www.avons.fr\/magasin\/wp-content\/uploads\/Capture-de\u0301cran-2022-09-01-a\u0300-15.03.28-53x30.png 53w, https:\/\/www.avons.fr\/magasin\/wp-content\/uploads\/Capture-de\u0301cran-2022-09-01-a\u0300-15.03.28.png 1920w\" sizes=\"(max-width: 300px) 100vw, 300px\" \/>La maison des tissus<\/h2>\n<p>8 grande rue de Vaise<\/p>\n<p>69009 Lyon<\/p>\n<p><a href=\"http:\/\/www.lamaisondestissus.fr\">www.lamaisondestissus.fr<\/a><\/p>\n<p>Boutique physique<\/p>\n<h2><\/h2>\n<h2><img loading=\"lazy\" decoding=\"async\" class=\"wp-image-13928 size-medium alignright\" src=\"https:\/\/www.avons.fr\/magasin\/wp-content\/uploads\/Capture-de\u0301cran-2022-09-01-a\u0300-15.04.21-e1662038685392-300x232.png\" alt=\"\" width=\"300\" height=\"232\" srcset=\"https:\/\/www.avons.fr\/magasin\/wp-content\/uploads\/Capture-de\u0301cran-2022-09-01-a\u0300-15.04.21-e1662038685392-300x232.png 300w, https:\/\/www.avons.fr\/magasin\/wp-content\/uploads\/Capture-de\u0301cran-2022-09-01-a\u0300-15.04.21-e1662038685392-39x30.png 39w, https:\/\/www.avons.fr\/magasin\/wp-content\/uploads\/Capture-de\u0301cran-2022-09-01-a\u0300-15.04.21-e1662038685392.png 557w\" sizes=\"(max-width: 300px) 100vw, 300px\" \/>La mercerie 3<\/h2>\n<p>3 grande rue de la croix-rousse<\/p>\n<p>69004 Lyon<\/p>\n<p>Boutique physique<\/p>\n<p>&nbsp;<\/p>\n<h2><\/h2>\n<h2><\/h2>\n<p>&nbsp;<\/p>\n<h2><img loading=\"lazy\" decoding=\"async\" class=\"size-medium wp-image-13929 alignleft\" src=\"https:\/\/www.avons.fr\/magasin\/wp-content\/uploads\/Capture-de\u0301cran-2022-09-01-a\u0300-15.04.53-300x170.png\" alt=\"\" width=\"300\" height=\"170\" srcset=\"https:\/\/www.avons.fr\/magasin\/wp-content\/uploads\/Capture-de\u0301cran-2022-09-01-a\u0300-15.04.53-300x170.png 300w, https:\/\/www.avons.fr\/magasin\/wp-content\/uploads\/Capture-de\u0301cran-2022-09-01-a\u0300-15.04.53-1024x580.png 1024w, https:\/\/www.avons.fr\/magasin\/wp-content\/uploads\/Capture-de\u0301cran-2022-09-01-a\u0300-15.04.53-1536x870.png 1536w, https:\/\/www.avons.fr\/magasin\/wp-content\/uploads\/Capture-de\u0301cran-2022-09-01-a\u0300-15.04.53-53x30.png 53w, https:\/\/www.avons.fr\/magasin\/wp-content\/uploads\/Capture-de\u0301cran-2022-09-01-a\u0300-15.04.53.png 1920w\" sizes=\"(max-width: 300px) 100vw, 300px\" \/>La droguerie &#8211; La marchande de couleurs<\/h2>\n<p>4 rue Gentil<\/p>\n<p>69002 Lyon<\/p>\n<p><a href=\"http:\/\/www.ladroguerie.com\">www.ladroguerie.com<\/a><\/p>\n<p>Vente en ligne &amp; Boutique physique<\/p>\n<p>&nbsp;<\/p>\n<p>&nbsp;<\/p>\n<h2><img loading=\"lazy\" decoding=\"async\" class=\"size-medium wp-image-13930 alignright\" src=\"https:\/\/www.avons.fr\/magasin\/wp-content\/uploads\/Capture-de\u0301cran-2022-09-01-a\u0300-15.05.21-300x170.png\" alt=\"\" width=\"300\" height=\"170\" srcset=\"https:\/\/www.avons.fr\/magasin\/wp-content\/uploads\/Capture-de\u0301cran-2022-09-01-a\u0300-15.05.21-300x170.png 300w, https:\/\/www.avons.fr\/magasin\/wp-content\/uploads\/Capture-de\u0301cran-2022-09-01-a\u0300-15.05.21-1024x580.png 1024w, https:\/\/www.avons.fr\/magasin\/wp-content\/uploads\/Capture-de\u0301cran-2022-09-01-a\u0300-15.05.21-1536x870.png 1536w, https:\/\/www.avons.fr\/magasin\/wp-content\/uploads\/Capture-de\u0301cran-2022-09-01-a\u0300-15.05.21-53x30.png 53w, https:\/\/www.avons.fr\/magasin\/wp-content\/uploads\/Capture-de\u0301cran-2022-09-01-a\u0300-15.05.21.png 1920w\" sizes=\"(max-width: 300px) 100vw, 300px\" \/>Le Liseron Mercerie<\/h2>\n<p>82 rue du pr\u00e9sident Edouard Herriot<\/p>\n<p>69002 Lyon<\/p>\n<p><a href=\"http:\/\/www.mercerie-liseron.com\">www.mercerie-liseron.com<\/a><\/p>\n<p>Vente en ligne &amp; Boutique physique<\/p>\n<h2><\/h2>\n<p>&nbsp;<\/p>\n<h2><img loading=\"lazy\" decoding=\"async\" class=\"size-medium wp-image-13931 alignleft\" src=\"https:\/\/www.avons.fr\/magasin\/wp-content\/uploads\/Capture-de\u0301cran-2022-09-01-a\u0300-15.05.39-300x170.png\" alt=\"\" width=\"300\" height=\"170\" srcset=\"https:\/\/www.avons.fr\/magasin\/wp-content\/uploads\/Capture-de\u0301cran-2022-09-01-a\u0300-15.05.39-300x170.png 300w, https:\/\/www.avons.fr\/magasin\/wp-content\/uploads\/Capture-de\u0301cran-2022-09-01-a\u0300-15.05.39-1024x581.png 1024w, https:\/\/www.avons.fr\/magasin\/wp-content\/uploads\/Capture-de\u0301cran-2022-09-01-a\u0300-15.05.39-1536x871.png 1536w, https:\/\/www.avons.fr\/magasin\/wp-content\/uploads\/Capture-de\u0301cran-2022-09-01-a\u0300-15.05.39-53x30.png 53w, https:\/\/www.avons.fr\/magasin\/wp-content\/uploads\/Capture-de\u0301cran-2022-09-01-a\u0300-15.05.39.png 1920w\" sizes=\"(max-width: 300px) 100vw, 300px\" \/>Les tissus d&rsquo;Elodie<\/h2>\n<p>5 rue Vaubecour<\/p>\n<p>69002 Lyon<\/p>\n<p><a href=\"http:\/\/www.lestissusdelodie.com\">www.lestissusdelodie.com<\/a><\/p>\n<p>Boutique physique<\/p>\n<p>&nbsp;<\/p>\n<h2><\/h2>\n<h2><img loading=\"lazy\" decoding=\"async\" class=\"size-medium wp-image-13932 alignright\" src=\"https:\/\/www.avons.fr\/magasin\/wp-content\/uploads\/Capture-de\u0301cran-2022-09-01-a\u0300-15.06.28-300x191.png\" alt=\"\" width=\"300\" height=\"191\" srcset=\"https:\/\/www.avons.fr\/magasin\/wp-content\/uploads\/Capture-de\u0301cran-2022-09-01-a\u0300-15.06.28-300x191.png 300w, https:\/\/www.avons.fr\/magasin\/wp-content\/uploads\/Capture-de\u0301cran-2022-09-01-a\u0300-15.06.28-47x30.png 47w, https:\/\/www.avons.fr\/magasin\/wp-content\/uploads\/Capture-de\u0301cran-2022-09-01-a\u0300-15.06.28.png 627w\" sizes=\"(max-width: 300px) 100vw, 300px\" \/>Lingetoile<\/h2>\n<p>33 rue Paul chenavard<\/p>\n<p>69001 Lyon<\/p>\n<p>Boutique physique<\/p>\n<p>&nbsp;<\/p>\n<h2><\/h2>\n<p>&nbsp;<\/p>\n<h2><img loading=\"lazy\" decoding=\"async\" class=\"size-medium wp-image-13933 alignleft\" src=\"https:\/\/www.avons.fr\/magasin\/wp-content\/uploads\/Capture-de\u0301cran-2022-09-01-a\u0300-15.06.53-300x170.png\" alt=\"\" width=\"300\" height=\"170\" srcset=\"https:\/\/www.avons.fr\/magasin\/wp-content\/uploads\/Capture-de\u0301cran-2022-09-01-a\u0300-15.06.53-300x170.png 300w, https:\/\/www.avons.fr\/magasin\/wp-content\/uploads\/Capture-de\u0301cran-2022-09-01-a\u0300-15.06.53-1024x582.png 1024w, https:\/\/www.avons.fr\/magasin\/wp-content\/uploads\/Capture-de\u0301cran-2022-09-01-a\u0300-15.06.53-1536x873.png 1536w, https:\/\/www.avons.fr\/magasin\/wp-content\/uploads\/Capture-de\u0301cran-2022-09-01-a\u0300-15.06.53-53x30.png 53w, https:\/\/www.avons.fr\/magasin\/wp-content\/uploads\/Capture-de\u0301cran-2022-09-01-a\u0300-15.06.53.png 1920w\" sizes=\"(max-width: 300px) 100vw, 300px\" \/>Lise Tailor<\/h2>\n<p>15 rue du Garet<\/p>\n<p>69001 Lyon<\/p>\n<p><a href=\"http:\/\/www.lisetailor.com\">www.lisetailor.com<\/a><\/p>\n<p>Vente en ligne &amp; Boutique physique sur rendez-vous<\/p>\n<p>&nbsp;<\/p>\n<h2><\/h2>\n<h2><img loading=\"lazy\" decoding=\"async\" class=\"size-medium wp-image-13934 alignright\" src=\"https:\/\/www.avons.fr\/magasin\/wp-content\/uploads\/Capture-de\u0301cran-2022-09-01-a\u0300-15.07.55-300x170.png\" alt=\"\" width=\"300\" height=\"170\" srcset=\"https:\/\/www.avons.fr\/magasin\/wp-content\/uploads\/Capture-de\u0301cran-2022-09-01-a\u0300-15.07.55-300x170.png 300w, https:\/\/www.avons.fr\/magasin\/wp-content\/uploads\/Capture-de\u0301cran-2022-09-01-a\u0300-15.07.55-1024x581.png 1024w, https:\/\/www.avons.fr\/magasin\/wp-content\/uploads\/Capture-de\u0301cran-2022-09-01-a\u0300-15.07.55-1536x871.png 1536w, https:\/\/www.avons.fr\/magasin\/wp-content\/uploads\/Capture-de\u0301cran-2022-09-01-a\u0300-15.07.55-53x30.png 53w, https:\/\/www.avons.fr\/magasin\/wp-content\/uploads\/Capture-de\u0301cran-2022-09-01-a\u0300-15.07.55.png 1920w\" sizes=\"(max-width: 300px) 100vw, 300px\" \/>Little Fabrics<\/h2>\n<p><a href=\"http:\/\/www.littlefabrics.com\">www.littlefabrics.com<\/a><\/p>\n<p>Vente en ligne &amp; \u00c9v\u00e8nements sur Lyon<\/p>\n<p>&nbsp;<\/p>\n<p>&nbsp;<\/p>\n<p>&nbsp;<\/p>\n<h2><img loading=\"lazy\" decoding=\"async\" class=\"size-medium wp-image-13937 alignleft\" src=\"https:\/\/www.avons.fr\/magasin\/wp-content\/uploads\/Capture-de\u0301cran-2022-09-01-a\u0300-15.08.26-300x170.png\" alt=\"\" width=\"300\" height=\"170\" srcset=\"https:\/\/www.avons.fr\/magasin\/wp-content\/uploads\/Capture-de\u0301cran-2022-09-01-a\u0300-15.08.26-300x170.png 300w, https:\/\/www.avons.fr\/magasin\/wp-content\/uploads\/Capture-de\u0301cran-2022-09-01-a\u0300-15.08.26-1024x580.png 1024w, https:\/\/www.avons.fr\/magasin\/wp-content\/uploads\/Capture-de\u0301cran-2022-09-01-a\u0300-15.08.26-1536x870.png 1536w, https:\/\/www.avons.fr\/magasin\/wp-content\/uploads\/Capture-de\u0301cran-2022-09-01-a\u0300-15.08.26-53x30.png 53w, https:\/\/www.avons.fr\/magasin\/wp-content\/uploads\/Capture-de\u0301cran-2022-09-01-a\u0300-15.08.26.png 1920w\" sizes=\"(max-width: 300px) 100vw, 300px\" \/>LN Fabrics<\/h2>\n<p><a href=\"http:\/\/www.ln-fabrics.fr\">www.ln-fabrics.fr<\/a><\/p>\n<p>Vente en ligne &amp; \u00c9v\u00e8nements sur Lyon<\/p>\n<p>&nbsp;<\/p>\n<h2><\/h2>\n<p>&nbsp;<\/p>\n<h2><\/h2>\n<h2><img loading=\"lazy\" decoding=\"async\" class=\"size-medium wp-image-13938 alignright\" src=\"https:\/\/www.avons.fr\/magasin\/wp-content\/uploads\/Capture-de\u0301cran-2022-09-01-a\u0300-15.08.55-300x170.png\" alt=\"\" width=\"300\" height=\"170\" srcset=\"https:\/\/www.avons.fr\/magasin\/wp-content\/uploads\/Capture-de\u0301cran-2022-09-01-a\u0300-15.08.55-300x170.png 300w, https:\/\/www.avons.fr\/magasin\/wp-content\/uploads\/Capture-de\u0301cran-2022-09-01-a\u0300-15.08.55-1024x580.png 1024w, https:\/\/www.avons.fr\/magasin\/wp-content\/uploads\/Capture-de\u0301cran-2022-09-01-a\u0300-15.08.55-1536x870.png 1536w, https:\/\/www.avons.fr\/magasin\/wp-content\/uploads\/Capture-de\u0301cran-2022-09-01-a\u0300-15.08.55-53x30.png 53w, https:\/\/www.avons.fr\/magasin\/wp-content\/uploads\/Capture-de\u0301cran-2022-09-01-a\u0300-15.08.55.png 1920w\" sizes=\"(max-width: 300px) 100vw, 300px\" \/>Mercerie Coeur<\/h2>\n<p>17 avenue Jean Jaur\u00e8s<\/p>\n<p>69007 Lyon<\/p>\n<p>Boutique physique<\/p>\n<p>&nbsp;<\/p>\n<p>&nbsp;<\/p>\n<p>&nbsp;<\/p>\n<h2><img loading=\"lazy\" decoding=\"async\" class=\"size-medium wp-image-13939 alignleft\" src=\"https:\/\/www.avons.fr\/magasin\/wp-content\/uploads\/Capture-de\u0301cran-2022-09-01-a\u0300-15.09.32-300x170.png\" alt=\"\" width=\"300\" height=\"170\" srcset=\"https:\/\/www.avons.fr\/magasin\/wp-content\/uploads\/Capture-de\u0301cran-2022-09-01-a\u0300-15.09.32-300x170.png 300w, https:\/\/www.avons.fr\/magasin\/wp-content\/uploads\/Capture-de\u0301cran-2022-09-01-a\u0300-15.09.32-1024x580.png 1024w, https:\/\/www.avons.fr\/magasin\/wp-content\/uploads\/Capture-de\u0301cran-2022-09-01-a\u0300-15.09.32-1536x870.png 1536w, https:\/\/www.avons.fr\/magasin\/wp-content\/uploads\/Capture-de\u0301cran-2022-09-01-a\u0300-15.09.32-53x30.png 53w, https:\/\/www.avons.fr\/magasin\/wp-content\/uploads\/Capture-de\u0301cran-2022-09-01-a\u0300-15.09.32.png 1920w\" sizes=\"(max-width: 300px) 100vw, 300px\" \/>Mondial Tissus<\/h2>\n<p>291 Cour Emile Zola<\/p>\n<p>69100 Villeurbanne<\/p>\n<p><a href=\"http:\/\/www.mondialtissus.fr\">www.mondialtissus.fr<\/a><\/p>\n<p>Vente en ligne &amp; Boutique physique<\/p>\n<h2><\/h2>\n<p>&nbsp;<\/p>\n<h2><img loading=\"lazy\" decoding=\"async\" class=\"size-medium wp-image-13940 alignright\" src=\"https:\/\/www.avons.fr\/magasin\/wp-content\/uploads\/Capture-de\u0301cran-2022-09-01-a\u0300-15.10.02-300x169.png\" alt=\"\" width=\"300\" height=\"169\" srcset=\"https:\/\/www.avons.fr\/magasin\/wp-content\/uploads\/Capture-de\u0301cran-2022-09-01-a\u0300-15.10.02-300x169.png 300w, https:\/\/www.avons.fr\/magasin\/wp-content\/uploads\/Capture-de\u0301cran-2022-09-01-a\u0300-15.10.02-1024x578.png 1024w, https:\/\/www.avons.fr\/magasin\/wp-content\/uploads\/Capture-de\u0301cran-2022-09-01-a\u0300-15.10.02-1536x866.png 1536w, https:\/\/www.avons.fr\/magasin\/wp-content\/uploads\/Capture-de\u0301cran-2022-09-01-a\u0300-15.10.02-53x30.png 53w, https:\/\/www.avons.fr\/magasin\/wp-content\/uploads\/Capture-de\u0301cran-2022-09-01-a\u0300-15.10.02.png 1920w\" sizes=\"(max-width: 300px) 100vw, 300px\" \/>My Dress Made<\/h2>\n<p><a href=\"http:\/\/www.mydress-made.com\">www.mydress-made.com<\/a><\/p>\n<p>Vente en ligne &amp; \u00c9v\u00e8nements sur Lyon<\/p>\n<p>&nbsp;<\/p>\n<p>&nbsp;<\/p>\n<p>&nbsp;<\/p>\n<p>&nbsp;<\/p>\n<h2><img loading=\"lazy\" decoding=\"async\" class=\"size-medium wp-image-13941 alignleft\" src=\"https:\/\/www.avons.fr\/magasin\/wp-content\/uploads\/Capture-de\u0301cran-2022-09-01-a\u0300-15.10.32-300x170.png\" alt=\"\" width=\"300\" height=\"170\" srcset=\"https:\/\/www.avons.fr\/magasin\/wp-content\/uploads\/Capture-de\u0301cran-2022-09-01-a\u0300-15.10.32-300x170.png 300w, https:\/\/www.avons.fr\/magasin\/wp-content\/uploads\/Capture-de\u0301cran-2022-09-01-a\u0300-15.10.32-1024x580.png 1024w, https:\/\/www.avons.fr\/magasin\/wp-content\/uploads\/Capture-de\u0301cran-2022-09-01-a\u0300-15.10.32-1536x870.png 1536w, https:\/\/www.avons.fr\/magasin\/wp-content\/uploads\/Capture-de\u0301cran-2022-09-01-a\u0300-15.10.32-53x30.png 53w, https:\/\/www.avons.fr\/magasin\/wp-content\/uploads\/Capture-de\u0301cran-2022-09-01-a\u0300-15.10.32.png 1920w\" sizes=\"(max-width: 300px) 100vw, 300px\" \/>Pompon Girl Mercerie<\/h2>\n<p>23 rue des Remparts d&rsquo;Ainay<\/p>\n<p>69002 Lyon<\/p>\n<p><a href=\"http:\/\/www.pompongirl.fr\">www.pompongirl.fr<\/a><\/p>\n<p>Vente en ligne &amp; Boutique physique<\/p>\n<h2><\/h2>\n<p>&nbsp;<\/p>\n<h2><img loading=\"lazy\" decoding=\"async\" class=\"size-medium wp-image-13942 alignright\" src=\"https:\/\/www.avons.fr\/magasin\/wp-content\/uploads\/Capture-de\u0301cran-2022-09-01-a\u0300-15.10.53-300x170.png\" alt=\"\" width=\"300\" height=\"170\" srcset=\"https:\/\/www.avons.fr\/magasin\/wp-content\/uploads\/Capture-de\u0301cran-2022-09-01-a\u0300-15.10.53-300x170.png 300w, https:\/\/www.avons.fr\/magasin\/wp-content\/uploads\/Capture-de\u0301cran-2022-09-01-a\u0300-15.10.53-1024x580.png 1024w, https:\/\/www.avons.fr\/magasin\/wp-content\/uploads\/Capture-de\u0301cran-2022-09-01-a\u0300-15.10.53-1536x870.png 1536w, https:\/\/www.avons.fr\/magasin\/wp-content\/uploads\/Capture-de\u0301cran-2022-09-01-a\u0300-15.10.53-53x30.png 53w, https:\/\/www.avons.fr\/magasin\/wp-content\/uploads\/Capture-de\u0301cran-2022-09-01-a\u0300-15.10.53.png 1920w\" sizes=\"(max-width: 300px) 100vw, 300px\" \/>Poussi\u00e8re des rues<\/h2>\n<p>16 rue du Mail<\/p>\n<p>69004 Lyon<\/p>\n<p><a href=\"http:\/\/www.poussieredesrues.fr\">www.poussieredesrues.fr<\/a><\/p>\n<p>Vente en ligne &amp; Boutique physique<\/p>\n<h2><\/h2>\n<p>&nbsp;<\/p>\n<h2><img loading=\"lazy\" decoding=\"async\" class=\"size-medium wp-image-13943 alignleft\" src=\"https:\/\/www.avons.fr\/magasin\/wp-content\/uploads\/Capture-de\u0301cran-2022-09-01-a\u0300-15.11.12-300x170.png\" alt=\"\" width=\"300\" height=\"170\" srcset=\"https:\/\/www.avons.fr\/magasin\/wp-content\/uploads\/Capture-de\u0301cran-2022-09-01-a\u0300-15.11.12-300x170.png 300w, https:\/\/www.avons.fr\/magasin\/wp-content\/uploads\/Capture-de\u0301cran-2022-09-01-a\u0300-15.11.12-1024x579.png 1024w, https:\/\/www.avons.fr\/magasin\/wp-content\/uploads\/Capture-de\u0301cran-2022-09-01-a\u0300-15.11.12-1536x869.png 1536w, https:\/\/www.avons.fr\/magasin\/wp-content\/uploads\/Capture-de\u0301cran-2022-09-01-a\u0300-15.11.12-53x30.png 53w, https:\/\/www.avons.fr\/magasin\/wp-content\/uploads\/Capture-de\u0301cran-2022-09-01-a\u0300-15.11.12.png 1920w\" sizes=\"(max-width: 300px) 100vw, 300px\" \/>Tissus des ursules<\/h2>\n<p>245 grande rue de la Guilloti\u00e8re<\/p>\n<p>69007 Lyon<\/p>\n<p><a href=\"http:\/\/www.tissusdesursules.fr\">www.tissusdesursules.fr<\/a><\/p>\n<p>Vente en ligne &amp; Boutique physique<\/p>\n<h2><\/h2>\n<p>&nbsp;<\/p>\n<h2><img loading=\"lazy\" decoding=\"async\" class=\"size-medium wp-image-13944 alignright\" src=\"https:\/\/www.avons.fr\/magasin\/wp-content\/uploads\/Capture-de\u0301cran-2022-09-01-a\u0300-15.11.34-300x170.png\" alt=\"\" width=\"300\" height=\"170\" srcset=\"https:\/\/www.avons.fr\/magasin\/wp-content\/uploads\/Capture-de\u0301cran-2022-09-01-a\u0300-15.11.34-300x170.png 300w, https:\/\/www.avons.fr\/magasin\/wp-content\/uploads\/Capture-de\u0301cran-2022-09-01-a\u0300-15.11.34-1024x579.png 1024w, https:\/\/www.avons.fr\/magasin\/wp-content\/uploads\/Capture-de\u0301cran-2022-09-01-a\u0300-15.11.34-1536x868.png 1536w, https:\/\/www.avons.fr\/magasin\/wp-content\/uploads\/Capture-de\u0301cran-2022-09-01-a\u0300-15.11.34-53x30.png 53w, https:\/\/www.avons.fr\/magasin\/wp-content\/uploads\/Capture-de\u0301cran-2022-09-01-a\u0300-15.11.34.png 1920w\" sizes=\"(max-width: 300px) 100vw, 300px\" \/>Toto Tissus<\/h2>\n<p>20 place Louis Pradel<\/p>\n<p>69001 Lyon<\/p>\n<p><a href=\"http:\/\/www.toto.fr\">www.toto.fr<\/a><\/p>\n<p>Vente en ligne &amp; Boutique physique<\/p>\n<p>&nbsp;<\/p>\n<h2><img loading=\"lazy\" decoding=\"async\" class=\"size-medium wp-image-13970 alignleft\" src=\"https:\/\/www.avons.fr\/magasin\/wp-content\/uploads\/Capture-de\u0301cran-2022-09-07-a\u0300-14.08.39-300x164.png\" alt=\"\" width=\"300\" height=\"164\" srcset=\"https:\/\/www.avons.fr\/magasin\/wp-content\/uploads\/Capture-de\u0301cran-2022-09-07-a\u0300-14.08.39-300x164.png 300w, https:\/\/www.avons.fr\/magasin\/wp-content\/uploads\/Capture-de\u0301cran-2022-09-07-a\u0300-14.08.39-1024x560.png 1024w, https:\/\/www.avons.fr\/magasin\/wp-content\/uploads\/Capture-de\u0301cran-2022-09-07-a\u0300-14.08.39-1536x841.png 1536w, https:\/\/www.avons.fr\/magasin\/wp-content\/uploads\/Capture-de\u0301cran-2022-09-07-a\u0300-14.08.39-2048x1121.png 2048w, https:\/\/www.avons.fr\/magasin\/wp-content\/uploads\/Capture-de\u0301cran-2022-09-07-a\u0300-14.08.39-55x30.png 55w\" sizes=\"(max-width: 300px) 100vw, 300px\" \/>Bombay Fashion<\/h2>\n<p>19 cours Gambetta<\/p>\n<p>69003 Lyon<\/p>\n<p><a href=\"http:\/\/www.bombayfashionlyon.fr\">www.bombayfashionlyon.fr<\/a><\/p>\n<p>Boutique physique<\/p>\n<p>&nbsp;<\/p>\n<h2>Bibi Textile<img loading=\"lazy\" decoding=\"async\" class=\" wp-image-13971 alignright\" src=\"https:\/\/www.avons.fr\/magasin\/wp-content\/uploads\/12888638_615408148612251_4777956342024758936_o-230x300.jpeg\" alt=\"\" width=\"165\" height=\"215\" srcset=\"https:\/\/www.avons.fr\/magasin\/wp-content\/uploads\/12888638_615408148612251_4777956342024758936_o-230x300.jpeg 230w, https:\/\/www.avons.fr\/magasin\/wp-content\/uploads\/12888638_615408148612251_4777956342024758936_o-787x1024.jpeg 787w, https:\/\/www.avons.fr\/magasin\/wp-content\/uploads\/12888638_615408148612251_4777956342024758936_o-1180x1536.jpeg 1180w, https:\/\/www.avons.fr\/magasin\/wp-content\/uploads\/12888638_615408148612251_4777956342024758936_o-23x30.jpeg 23w, https:\/\/www.avons.fr\/magasin\/wp-content\/uploads\/12888638_615408148612251_4777956342024758936_o.jpeg 1573w\" sizes=\"(max-width: 165px) 100vw, 165px\" \/><\/h2>\n<p>20 grande rue de la Guilloti\u00e8re<\/p>\n<p>69007 Lyon<\/p>\n<p>Boutique physique<\/p>\n<p>&nbsp;<\/p>\n<p>&nbsp;<\/p>\n<p>&nbsp;<\/p>\n<h2><img loading=\"lazy\" decoding=\"async\" class=\"size-medium wp-image-13972 alignleft\" src=\"https:\/\/www.avons.fr\/magasin\/wp-content\/uploads\/Capture-de\u0301cran-2022-09-08-a\u0300-11.22.46-300x156.png\" alt=\"\" width=\"300\" height=\"156\" srcset=\"https:\/\/www.avons.fr\/magasin\/wp-content\/uploads\/Capture-de\u0301cran-2022-09-08-a\u0300-11.22.46-300x156.png 300w, https:\/\/www.avons.fr\/magasin\/wp-content\/uploads\/Capture-de\u0301cran-2022-09-08-a\u0300-11.22.46-1024x534.png 1024w, https:\/\/www.avons.fr\/magasin\/wp-content\/uploads\/Capture-de\u0301cran-2022-09-08-a\u0300-11.22.46-1536x801.png 1536w, https:\/\/www.avons.fr\/magasin\/wp-content\/uploads\/Capture-de\u0301cran-2022-09-08-a\u0300-11.22.46-2048x1068.png 2048w, https:\/\/www.avons.fr\/magasin\/wp-content\/uploads\/Capture-de\u0301cran-2022-09-08-a\u0300-11.22.46-58x30.png 58w\" sizes=\"(max-width: 300px) 100vw, 300px\" \/>Joli Lab<\/h2>\n<p>98 Rue Ney<\/p>\n<p>69006 Lyon<\/p>\n<p><a href=\"https:\/\/jolilab.fr\/\">www.jolilab.fr<\/a><\/p>\n<p>Retrait commande en boutique &amp; Vente en ligne<\/p>\n<p>&nbsp;<\/p>\n<p>&nbsp;<\/p>\n<h2><img loading=\"lazy\" decoding=\"async\" class=\"size-medium wp-image-13974 alignright\" src=\"https:\/\/www.avons.fr\/magasin\/wp-content\/uploads\/Capture-de\u0301cran-2022-09-08-a\u0300-11.36.03-300x156.png\" alt=\"\" width=\"300\" height=\"156\" srcset=\"https:\/\/www.avons.fr\/magasin\/wp-content\/uploads\/Capture-de\u0301cran-2022-09-08-a\u0300-11.36.03-300x156.png 300w, https:\/\/www.avons.fr\/magasin\/wp-content\/uploads\/Capture-de\u0301cran-2022-09-08-a\u0300-11.36.03-1024x534.png 1024w, https:\/\/www.avons.fr\/magasin\/wp-content\/uploads\/Capture-de\u0301cran-2022-09-08-a\u0300-11.36.03-1536x801.png 1536w, https:\/\/www.avons.fr\/magasin\/wp-content\/uploads\/Capture-de\u0301cran-2022-09-08-a\u0300-11.36.03-2048x1068.png 2048w, https:\/\/www.avons.fr\/magasin\/wp-content\/uploads\/Capture-de\u0301cran-2022-09-08-a\u0300-11.36.03-58x30.png 58w\" sizes=\"(max-width: 300px) 100vw, 300px\" \/>Atelier 27<\/h2>\n<p><a href=\"https:\/\/ateliervingtsept.fr\/\">www.ateliervingtsept.fr<\/a><\/p>\n<p>Point de retrait de vos commandes gratuitement \u00e0 notre boutique de Lyon situ\u00e9e au 131 avenue Mar\u00e9chal de Saxe, 69003 Lyon<\/p>\n<p>Vente en ligne<\/p>\n","protected":false},"excerpt":{"rendered":"<p>Quels magasins de tissus existent \u00e0 Lyon ? &nbsp; Retrouvez dans cette liste non-exhaustive nos meilleures adresses pour vos futurs&#8230;<\/p>\n","protected":false},"author":7,"featured_media":13946,"comment_status":"closed","ping_status":"closed","sticky":false,"template":"","format":"standard","meta":{"_acf_changed":false,"_EventAllDay":false,"_EventTimezone":"","_EventStartDate":"","_EventEndDate":"","_EventStartDateUTC":"","_EventEndDateUTC":"","_EventShowMap":false,"_EventShowMapLink":false,"_EventURL":"","_EventCost":"","_EventCostDescription":"","_EventCurrencySymbol":"","_EventCurrencyCode":"","_EventCurrencyPosition":"","_EventDateTimeSeparator":"","_EventTimeRangeSeparator":"","_EventOrganizerID":[],"_EventVenueID":[],"_OrganizerEmail":"","_OrganizerPhone":"","_OrganizerWebsite":"","_VenueAddress":"","_VenueCity":"","_VenueCountry":"","_VenueProvince":"","_VenueState":"","_VenueZip":"","_VenuePhone":"","_VenueURL":"","_VenueStateProvince":"","_VenueLat":"","_VenueLng":"","_VenueShowMap":false,"_VenueShowMapLink":false,"footnotes":""},"categories":[112,1],"tags":[64,30,74,50,35,36,104,111,110],"class_list":{"0":"post-13912","1":"post","2":"type-post","3":"status-publish","4":"format-standard","5":"has-post-thumbnail","7":"category-actualites-conseils","8":"category-tutos-conseils","9":"tag-article-couture","10":"tag-avons","11":"tag-boutique-avons","12":"tag-boutique-couture","13":"tag-couture-lyon","14":"tag-couture-oullins","15":"tag-lyon","16":"tag-magasin","17":"tag-tissu"},"acf":[],"yoast_head":"<!-- This site is optimized with the Yoast SEO plugin v24.7 - https:\/\/yoast.com\/wordpress\/plugins\/seo\/ -->\n<title>O\u00f9 acheter du tissu \u00e0 Lyon ? - Avons<\/title>\n<meta name=\"description\" content=\"D\u00e9couvrez la liste des boutiques Lyonnaises pour acheter vos tissus et mercerie ! Des magasins de tissus pr\u00e9sents \u00e0 Lyon.\" \/>\n<meta name=\"robots\" content=\"index, follow, max-snippet:-1, max-image-preview:large, max-video-preview:-1\" \/>\n<link rel=\"canonical\" href=\"https:\/\/www.avons.fr\/magasin\/ou-acheter-du-tissu-a-lyon\/\" \/>\n<meta property=\"og:locale\" content=\"fr_FR\" \/>\n<meta property=\"og:type\" content=\"article\" \/>\n<meta property=\"og:title\" content=\"O\u00f9 acheter du tissu \u00e0 Lyon ? - Avons\" \/>\n<meta property=\"og:description\" content=\"D\u00e9couvrez la liste des boutiques Lyonnaises pour acheter vos tissus et mercerie ! Des magasins de tissus pr\u00e9sents \u00e0 Lyon.\" \/>\n<meta property=\"og:url\" content=\"https:\/\/www.avons.fr\/magasin\/ou-acheter-du-tissu-a-lyon\/\" \/>\n<meta property=\"og:site_name\" content=\"Avons\" \/>\n<meta property=\"article:published_time\" content=\"2022-09-02T15:53:45+00:00\" \/>\n<meta property=\"article:modified_time\" content=\"2023-01-20T05:56:21+00:00\" \/>\n<meta property=\"og:image\" content=\"https:\/\/www.avons.fr\/magasin\/wp-content\/uploads\/Capture-de\u0301cran-2022-09-01-a\u0300-16.27.44.png\" \/>\n\t<meta property=\"og:image:width\" content=\"1790\" \/>\n\t<meta property=\"og:image:height\" content=\"830\" \/>\n\t<meta property=\"og:image:type\" content=\"image\/png\" \/>\n<meta name=\"author\" content=\"Mallaury BAJAS\" \/>\n<meta name=\"twitter:card\" content=\"summary_large_image\" \/>\n<meta name=\"twitter:label1\" content=\"\u00c9crit par\" \/>\n\t<meta name=\"twitter:data1\" content=\"Mallaury BAJAS\" \/>\n\t<meta name=\"twitter:label2\" content=\"Dur\u00e9e de lecture estim\u00e9e\" \/>\n\t<meta name=\"twitter:data2\" content=\"2 minutes\" \/>\n<script type=\"application\/ld+json\" class=\"yoast-schema-graph\">{\"@context\":\"https:\/\/schema.org\",\"@graph\":[{\"@type\":\"WebPage\",\"@id\":\"https:\/\/www.avons.fr\/magasin\/ou-acheter-du-tissu-a-lyon\/\",\"url\":\"https:\/\/www.avons.fr\/magasin\/ou-acheter-du-tissu-a-lyon\/\",\"name\":\"O\u00f9 acheter du tissu \u00e0 Lyon ? - Avons\",\"isPartOf\":{\"@id\":\"https:\/\/www.avons.fr\/magasin\/#website\"},\"primaryImageOfPage\":{\"@id\":\"https:\/\/www.avons.fr\/magasin\/ou-acheter-du-tissu-a-lyon\/#primaryimage\"},\"image\":{\"@id\":\"https:\/\/www.avons.fr\/magasin\/ou-acheter-du-tissu-a-lyon\/#primaryimage\"},\"thumbnailUrl\":\"https:\/\/www.avons.fr\/magasin\/wp-content\/uploads\/Capture-de\u0301cran-2022-09-01-a\u0300-16.27.44.png\",\"datePublished\":\"2022-09-02T15:53:45+00:00\",\"dateModified\":\"2023-01-20T05:56:21+00:00\",\"author\":{\"@id\":\"https:\/\/www.avons.fr\/magasin\/#\/schema\/person\/d82c99d864d278178560c1021711d39d\"},\"description\":\"D\u00e9couvrez la liste des boutiques Lyonnaises pour acheter vos tissus et mercerie ! Des magasins de tissus pr\u00e9sents \u00e0 Lyon.\",\"breadcrumb\":{\"@id\":\"https:\/\/www.avons.fr\/magasin\/ou-acheter-du-tissu-a-lyon\/#breadcrumb\"},\"inLanguage\":\"fr-FR\",\"potentialAction\":[{\"@type\":\"ReadAction\",\"target\":[\"https:\/\/www.avons.fr\/magasin\/ou-acheter-du-tissu-a-lyon\/\"]}]},{\"@type\":\"ImageObject\",\"inLanguage\":\"fr-FR\",\"@id\":\"https:\/\/www.avons.fr\/magasin\/ou-acheter-du-tissu-a-lyon\/#primaryimage\",\"url\":\"https:\/\/www.avons.fr\/magasin\/wp-content\/uploads\/Capture-de\u0301cran-2022-09-01-a\u0300-16.27.44.png\",\"contentUrl\":\"https:\/\/www.avons.fr\/magasin\/wp-content\/uploads\/Capture-de\u0301cran-2022-09-01-a\u0300-16.27.44.png\",\"width\":1790,\"height\":830,\"caption\":\"AVONS - O\u00f9 acheter du tissu \u00e0 Lyon\"},{\"@type\":\"BreadcrumbList\",\"@id\":\"https:\/\/www.avons.fr\/magasin\/ou-acheter-du-tissu-a-lyon\/#breadcrumb\",\"itemListElement\":[{\"@type\":\"ListItem\",\"position\":1,\"name\":\"Accueil\",\"item\":\"https:\/\/www.avons.fr\/magasin\/\"},{\"@type\":\"ListItem\",\"position\":2,\"name\":\"Conseils &amp; guides\",\"item\":\"https:\/\/www.avons.fr\/magasin\/conseils-guides\/\"},{\"@type\":\"ListItem\",\"position\":3,\"name\":\"Tutos &amp; conseils\",\"item\":\"https:\/\/www.avons.fr\/magasin\/conseils-guides\/tutos-conseils\/\"},{\"@type\":\"ListItem\",\"position\":4,\"name\":\"O\u00f9 acheter du tissu \u00e0 Lyon ?\"}]},{\"@type\":\"WebSite\",\"@id\":\"https:\/\/www.avons.fr\/magasin\/#website\",\"url\":\"https:\/\/www.avons.fr\/magasin\/\",\"name\":\"Avons\",\"description\":\"\",\"potentialAction\":[{\"@type\":\"SearchAction\",\"target\":{\"@type\":\"EntryPoint\",\"urlTemplate\":\"https:\/\/www.avons.fr\/magasin\/?s={search_term_string}\"},\"query-input\":{\"@type\":\"PropertyValueSpecification\",\"valueRequired\":true,\"valueName\":\"search_term_string\"}}],\"inLanguage\":\"fr-FR\"},{\"@type\":\"Person\",\"@id\":\"https:\/\/www.avons.fr\/magasin\/#\/schema\/person\/d82c99d864d278178560c1021711d39d\",\"name\":\"Mallaury BAJAS\",\"url\":\"https:\/\/www.avons.fr\/magasin\/author\/mallaury\/\"}]}<\/script>\n<!-- \/ Yoast SEO plugin. -->","yoast_head_json":{"title":"O\u00f9 acheter du tissu \u00e0 Lyon ? - Avons","description":"D\u00e9couvrez la liste des boutiques Lyonnaises pour acheter vos tissus et mercerie ! Des magasins de tissus pr\u00e9sents \u00e0 Lyon.","robots":{"index":"index","follow":"follow","max-snippet":"max-snippet:-1","max-image-preview":"max-image-preview:large","max-video-preview":"max-video-preview:-1"},"canonical":"https:\/\/www.avons.fr\/magasin\/ou-acheter-du-tissu-a-lyon\/","og_locale":"fr_FR","og_type":"article","og_title":"O\u00f9 acheter du tissu \u00e0 Lyon ? - Avons","og_description":"D\u00e9couvrez la liste des boutiques Lyonnaises pour acheter vos tissus et mercerie ! Des magasins de tissus pr\u00e9sents \u00e0 Lyon.","og_url":"https:\/\/www.avons.fr\/magasin\/ou-acheter-du-tissu-a-lyon\/","og_site_name":"Avons","article_published_time":"2022-09-02T15:53:45+00:00","article_modified_time":"2023-01-20T05:56:21+00:00","og_image":[{"width":1790,"height":830,"url":"https:\/\/www.avons.fr\/magasin\/wp-content\/uploads\/Capture-de\u0301cran-2022-09-01-a\u0300-16.27.44.png","type":"image\/png"}],"author":"Mallaury BAJAS","twitter_card":"summary_large_image","twitter_misc":{"\u00c9crit par":"Mallaury BAJAS","Dur\u00e9e de lecture estim\u00e9e":"2 minutes"},"schema":{"@context":"https:\/\/schema.org","@graph":[{"@type":"WebPage","@id":"https:\/\/www.avons.fr\/magasin\/ou-acheter-du-tissu-a-lyon\/","url":"https:\/\/www.avons.fr\/magasin\/ou-acheter-du-tissu-a-lyon\/","name":"O\u00f9 acheter du tissu \u00e0 Lyon ? - Avons","isPartOf":{"@id":"https:\/\/www.avons.fr\/magasin\/#website"},"primaryImageOfPage":{"@id":"https:\/\/www.avons.fr\/magasin\/ou-acheter-du-tissu-a-lyon\/#primaryimage"},"image":{"@id":"https:\/\/www.avons.fr\/magasin\/ou-acheter-du-tissu-a-lyon\/#primaryimage"},"thumbnailUrl":"https:\/\/www.avons.fr\/magasin\/wp-content\/uploads\/Capture-de\u0301cran-2022-09-01-a\u0300-16.27.44.png","datePublished":"2022-09-02T15:53:45+00:00","dateModified":"2023-01-20T05:56:21+00:00","author":{"@id":"https:\/\/www.avons.fr\/magasin\/#\/schema\/person\/d82c99d864d278178560c1021711d39d"},"description":"D\u00e9couvrez la liste des boutiques Lyonnaises pour acheter vos tissus et mercerie ! Des magasins de tissus pr\u00e9sents \u00e0 Lyon.","breadcrumb":{"@id":"https:\/\/www.avons.fr\/magasin\/ou-acheter-du-tissu-a-lyon\/#breadcrumb"},"inLanguage":"fr-FR","potentialAction":[{"@type":"ReadAction","target":["https:\/\/www.avons.fr\/magasin\/ou-acheter-du-tissu-a-lyon\/"]}]},{"@type":"ImageObject","inLanguage":"fr-FR","@id":"https:\/\/www.avons.fr\/magasin\/ou-acheter-du-tissu-a-lyon\/#primaryimage","url":"https:\/\/www.avons.fr\/magasin\/wp-content\/uploads\/Capture-de\u0301cran-2022-09-01-a\u0300-16.27.44.png","contentUrl":"https:\/\/www.avons.fr\/magasin\/wp-content\/uploads\/Capture-de\u0301cran-2022-09-01-a\u0300-16.27.44.png","width":1790,"height":830,"caption":"AVONS - O\u00f9 acheter du tissu \u00e0 Lyon"},{"@type":"BreadcrumbList","@id":"https:\/\/www.avons.fr\/magasin\/ou-acheter-du-tissu-a-lyon\/#breadcrumb","itemListElement":[{"@type":"ListItem","position":1,"name":"Accueil","item":"https:\/\/www.avons.fr\/magasin\/"},{"@type":"ListItem","position":2,"name":"Conseils &amp; guides","item":"https:\/\/www.avons.fr\/magasin\/conseils-guides\/"},{"@type":"ListItem","position":3,"name":"Tutos &amp; conseils","item":"https:\/\/www.avons.fr\/magasin\/conseils-guides\/tutos-conseils\/"},{"@type":"ListItem","position":4,"name":"O\u00f9 acheter du tissu \u00e0 Lyon ?"}]},{"@type":"WebSite","@id":"https:\/\/www.avons.fr\/magasin\/#website","url":"https:\/\/www.avons.fr\/magasin\/","name":"Avons","description":"","potentialAction":[{"@type":"SearchAction","target":{"@type":"EntryPoint","urlTemplate":"https:\/\/www.avons.fr\/magasin\/?s={search_term_string}"},"query-input":{"@type":"PropertyValueSpecification","valueRequired":true,"valueName":"search_term_string"}}],"inLanguage":"fr-FR"},{"@type":"Person","@id":"https:\/\/www.avons.fr\/magasin\/#\/schema\/person\/d82c99d864d278178560c1021711d39d","name":"Mallaury BAJAS","url":"https:\/\/www.avons.fr\/magasin\/author\/mallaury\/"}]}},"_links":{"self":[{"href":"https:\/\/www.avons.fr\/magasin\/wp-json\/wp\/v2\/posts\/13912","targetHints":{"allow":["GET"]}}],"collection":[{"href":"https:\/\/www.avons.fr\/magasin\/wp-json\/wp\/v2\/posts"}],"about":[{"href":"https:\/\/www.avons.fr\/magasin\/wp-json\/wp\/v2\/types\/post"}],"author":[{"embeddable":true,"href":"https:\/\/www.avons.fr\/magasin\/wp-json\/wp\/v2\/users\/7"}],"replies":[{"embeddable":true,"href":"https:\/\/www.avons.fr\/magasin\/wp-json\/wp\/v2\/comments?post=13912"}],"version-history":[{"count":0,"href":"https:\/\/www.avons.fr\/magasin\/wp-json\/wp\/v2\/posts\/13912\/revisions"}],"wp:featuredmedia":[{"embeddable":true,"href":"https:\/\/www.avons.fr\/magasin\/wp-json\/wp\/v2\/media\/13946"}],"wp:attachment":[{"href":"https:\/\/www.avons.fr\/magasin\/wp-json\/wp\/v2\/media?parent=13912"}],"wp:term":[{"taxonomy":"category","embeddable":true,"href":"https:\/\/www.avons.fr\/magasin\/wp-json\/wp\/v2\/categories?post=13912"},{"taxonomy":"post_tag","embeddable":true,"href":"https:\/\/www.avons.fr\/magasin\/wp-json\/wp\/v2\/tags?post=13912"}],"curies":[{"name":"wp","href":"https:\/\/api.w.org\/{rel}","templated":true}]}}